{"id":26,"date":"2013-02-26T08:15:25","date_gmt":"2013-02-26T07:15:25","guid":{"rendered":"https:\/\/blog.dathen.com\/?p=26"},"modified":"2015-07-09T10:09:02","modified_gmt":"2015-07-09T08:09:02","slug":"fotoalbum-akci","status":"publish","type":"post","link":"https:\/\/blog.dathen.com\/?p=26","title":{"rendered":"Fotoalba"},"content":{"rendered":"<p><span style=\"font-size: small;\">Cestov\u00e1n\u00ed :<\/span><\/p>\n<ul>\n<li><span style=\"font-size: small;\"><a href=\"https:\/\/blog.dathen.com\/fotos\/egypt2009\/index.html\">Fotky z Egypta z roku 2009<\/a><\/span><\/li>\n<li><span style=\"font-size: small;\"><a href=\"https:\/\/blog.dathen.com\/fotos\/madarsko2007\/index.html\">Fotky z Ma\u010farska 2007<\/a><\/span><\/li>\n<\/ul>\n<p><span style=\"font-size: small;\">Voda :<\/span><\/p>\n<ul>\n<li><span style=\"font-size: small;\"><a href=\"https:\/\/blog.dathen.com\/fotos\/voda2008\/index.html\">Voda 2008<\/a><\/span><\/li>\n<li><span style=\"font-size: small;\"><a href=\"https:\/\/blog.dathen.com\/fotos\/voda2009a\/index.html\">Voda 2009 prvn\u00ed sada fotek<\/a><\/span><\/li>\n<li><span style=\"font-size: small;\"><a href=\"https:\/\/blog.dathen.com\/fotos\/voda2009b\/index.html\">Voda 2009 druh\u00e1 sada fotek<\/a><\/span><\/li>\n<\/ul>\n<p><span style=\"font-size: small;\">Svatby kamar\u00e1d\u016f :<\/span><\/p>\n<ul>\n<li><span style=\"font-size: small;\"><a href=\"https:\/\/blog.dathen.com\/fotos\/svatba_ip\/index.html\">Svatba Iva a P\u00e9\u0165a<\/a><\/span><\/li>\n<li><span style=\"font-size: small;\"><a href=\"https:\/\/blog.dathen.com\/fotos\/svatba_jm\/index.html\">Svatba Jana a Martin<\/a><\/span><\/li>\n<li><span style=\"font-size: small;\"><a href=\"https:\/\/blog.dathen.com\/fotos\/svatba_mm\/index.html\">Svatba Michala a Michal<\/a><\/span><\/li>\n<li><span style=\"font-size: small;\"><a href=\"https:\/\/blog.dathen.com\/fotos\/svatba_te\/index.html\">Svatba Eva a Tom\u00e1\u0161<\/a><\/span><\/li>\n<\/ul>\n<p><span style=\"font-size: small;\">Grilova\u010dky a jin\u00e9 akce :<\/span><\/p>\n<ul>\n<li><span style=\"font-size: small;\"><a href=\"https:\/\/blog.dathen.com\/fotos\/fogl2009\/index.html\">Fogl 2009<\/a><\/span><\/li>\n<li><span style=\"font-size: small;\"><a href=\"https:\/\/blog.dathen.com\/fotos\/such_2009\/index.html\">Rozlu\u010dka se Suchem 2009<\/a><\/span><\/li>\n<li><span style=\"font-size: small;\"><a href=\"https:\/\/blog.dathen.com\/fotos\/oslava30\/index.html\">Oslava t\u0159icetin<\/a> : <a href=\"https:\/\/blog.dathen.com\/fotos\/oslava30jablonec\/index.html\">Oslava t\u0159icetin Jablonec<\/a> : <a href=\"https:\/\/blog.dathen.com\/fotos\/mamaja3060\/index.html\">Oslava t\u0159icetin rodina<\/a><\/span><\/li>\n<li><span style=\"font-size: small;\"><a href=\"https:\/\/blog.dathen.com\/fotos\/hulin2008\/index.html\">Fogl Hul\u00edn 2008<\/a><\/span><\/li>\n<li><span style=\"font-size: small;\"><a href=\"https:\/\/blog.dathen.com\/fotos\/albrechtice2008\/index.html\">Polofogl v Albrechtic\u00edch 2008<\/a><\/span><\/li>\n<li><span style=\"font-size: small;\"><a href=\"https:\/\/blog.dathen.com\/fotos\/grilovani12008\/index.html\">Grilova\u010dka 2007<\/a><\/span><\/li>\n<\/ul>\n<p><span style=\"font-size: small;\">Rekonstrukce bar\u00e1\u010dku a Samanty :<\/span><\/p>\n<ul>\n<li><span style=\"font-size: small;\"><a href=\"https:\/\/blog.dathen.com\/fotos\/rekonstrukce\/index.html\">Prvn\u00ed rekonstrukce &#8211; P\u00edsty<\/a><\/span><\/li>\n<\/ul>\n","protected":false},"excerpt":{"rendered":"<p>Cestov\u00e1n\u00ed : Fotky z Egypta z roku 2009 Fotky z Ma\u010farska 2007 Voda : Voda 2008 Voda 2009 prvn\u00ed sada fotek Voda 2009 druh\u00e1 sada fotek Svatby kamar\u00e1d\u016f : Svatba Iva a P\u00e9\u0165a Svatba Jana a Martin Svatba Michala a Michal Svatba Eva a Tom\u00e1\u0161 Grilova\u010dky a jin\u00e9 akce : Fogl 2009 Rozlu\u010dka se Suchem [&hellip;]<\/p>\n","protected":false},"author":1,"featured_media":0,"comment_status":"open","ping_status":"open","sticky":false,"template":"","format":"standard","meta":{"footnotes":""},"categories":[5],"tags":[],"class_list":["post-26","post","type-post","status-publish","format-standard","hentry","category-osobni"],"_links":{"self":[{"href":"https:\/\/blog.dathen.com\/index.php?rest_route=\/wp\/v2\/posts\/26","targetHints":{"allow":["GET"]}}],"collection":[{"href":"https:\/\/blog.dathen.com\/index.php?rest_route=\/wp\/v2\/posts"}],"about":[{"href":"https:\/\/blog.dathen.com\/index.php?rest_route=\/wp\/v2\/types\/post"}],"author":[{"embeddable":true,"href":"https:\/\/blog.dathen.com\/index.php?rest_route=\/wp\/v2\/users\/1"}],"replies":[{"embeddable":true,"href":"https:\/\/blog.dathen.com\/index.php?rest_route=%2Fwp%2Fv2%2Fcomments&post=26"}],"version-history":[{"count":23,"href":"https:\/\/blog.dathen.com\/index.php?rest_route=\/wp\/v2\/posts\/26\/revisions"}],"predecessor-version":[{"id":40,"href":"https:\/\/blog.dathen.com\/index.php?rest_route=\/wp\/v2\/posts\/26\/revisions\/40"}],"wp:attachment":[{"href":"https:\/\/blog.dathen.com\/index.php?rest_route=%2Fwp%2Fv2%2Fmedia&parent=26"}],"wp:term":[{"taxonomy":"category","embeddable":true,"href":"https:\/\/blog.dathen.com\/index.php?rest_route=%2Fwp%2Fv2%2Fcategories&post=26"},{"taxonomy":"post_tag","embeddable":true,"href":"https:\/\/blog.dathen.com\/index.php?rest_route=%2Fwp%2Fv2%2Ftags&post=26"}],"curies":[{"name":"wp","href":"https:\/\/api.w.org\/{rel}","templated":true}]}}